{"id":3709,"date":"2023-11-28T13:05:21","date_gmt":"2023-11-28T12:05:21","guid":{"rendered":"https:\/\/siag.ci\/?p=3709"},"modified":"2023-11-29T17:27:17","modified_gmt":"2023-11-29T16:27:17","slug":"siag-au-2eme-salon-des-entreprises-du-cfaci-un-pas-de-plus-vers-lexcellence","status":"publish","type":"post","link":"https:\/\/siag.ci\/?p=3709","title":{"rendered":"SIAG au 2\u00e8me Salon des Entreprises du CFACI : Un Pas de Plus vers l&#8217;Excellence"},"content":{"rendered":"\t\t<div data-elementor-type=\"wp-post\" data-elementor-id=\"3709\" class=\"elementor elementor-3709\">\n\t\t\t\t<div class=\"elementor-element elementor-element-e2f4d07 e-con-full e-flex sc_inner_width_none sc_layouts_column_icons_position_left e-con e-parent\" data-id=\"e2f4d07\" data-element_type=\"container\" data-e-type=\"container\">\n\t\t\t\t<div class=\"elementor-element elementor-element-adea802 sc_fly_static elementor-widget elementor-widget-text-editor\" data-id=\"adea802\" data-element_type=\"widget\" data-e-type=\"widget\" data-widget_type=\"text-editor.default\">\n\t\t\t\t<div class=\"elementor-widget-container\">\n\t\t\t\t\t\t\t\t\t<p>Le mercredi 22 novembre, la deuxi\u00e8me \u00e9dition du Salon des Entreprises du CFACI a connu un franc succ\u00e8s, rassemblant des acteurs diversifi\u00e9s du pays et d&#8217;ailleurs, cr\u00e9ant ainsi un \u00e9v\u00e9nement incontournable dans la capitale Abidjanaise.<\/p>\t\t\t\t\t\t\t\t<\/div>\n\t\t\t\t<\/div>\n\t\t<div class=\"elementor-element elementor-element-aa2d425 e-con-full e-flex sc_inner_width_none sc_layouts_column_icons_position_left e-con e-child\" data-id=\"aa2d425\" data-element_type=\"container\" data-e-type=\"container\">\n\t\t<div class=\"elementor-element elementor-element-8283238 e-con-full e-flex sc_inner_width_none sc_layouts_column_icons_position_left e-con e-child\" data-id=\"8283238\" data-element_type=\"container\" data-e-type=\"container\">\n\t\t\t\t<div class=\"elementor-element elementor-element-6edff97 sc_fly_static elementor-widget elementor-widget-text-editor\" data-id=\"6edff97\" data-element_type=\"widget\" data-e-type=\"widget\" data-widget_type=\"text-editor.default\">\n\t\t\t\t<div class=\"elementor-widget-container\">\n\t\t\t\t\t\t\t\t\t<p>En tant qu&#8217;imprimerie industrielle r\u00e9put\u00e9e, SIAG CI a saisi l&#8217;opportunit\u00e9 de marquer sa pr\u00e9sence \u00e0 cet \u00e9v\u00e9nement incontournable. De 09 h \u00e0 19h, notre \u00e9quipe dynamique a ainsi eu le plaisir d&#8217;engager des conversations fructueuses avec les nombreux participants.<\/p><p>Notre stand a \u00e9t\u00e9 par ailleurs l&#8217;\u00e9picentre de pr\u00e9sentation de nos services diversifi\u00e9s, allant de la conception d&#8217;agendas, supports professionnels, publicitaires, et de fin d&#8217;ann\u00e9e, jusqu&#8217;\u00e0 la production ; de livres tous de qualit\u00e9 sup\u00e9rieure.<br \/>Avec une exp\u00e9rience forg\u00e9e depuis 2014, SIAG CI a su cultiver une expertise in\u00e9gal\u00e9e dans le domaine de l&#8217;impression. Fortes de neuf ann\u00e9es d&#8217;engagement, plus de 40 partenaires satisfaits t\u00e9moignent aujourd\u2019hui de la qualit\u00e9 de nos services, consolidant ainsi notre position de leader sur le march\u00e9.<\/p><p>Ce message, relay\u00e9 lors du Salon des Entreprises du CFACI, a \u00e9t\u00e9 chaleureusement accueilli.<\/p>\t\t\t\t\t\t\t\t<\/div>\n\t\t\t\t<\/div>\n\t\t\t\t<\/div>\n\t\t<div class=\"elementor-element elementor-element-40f1e93 e-con-full e-flex sc_inner_width_none sc_layouts_column_icons_position_left e-con e-child\" data-id=\"40f1e93\" data-element_type=\"container\" data-e-type=\"container\">\n\t\t\t\t<div class=\"elementor-element elementor-element-8491da7 sc_fly_static elementor-widget elementor-widget-image\" data-id=\"8491da7\" data-element_type=\"widget\" data-e-type=\"widget\" data-widget_type=\"image.default\">\n\t\t\t\t<div class=\"elementor-widget-container\">\n\t\t\t\t\t\t\t\t\t\t\t\t\t\t\t<img fetchpriority=\"high\" decoding=\"async\" width=\"1200\" height=\"800\" src=\"https:\/\/siag.ci\/wp-content\/uploads\/2023\/11\/siag-au-2eme-salon-des-entreprises-du-cfaci.jpg\" class=\"attachment-large size-large wp-image-3746\" alt=\"\" srcset=\"https:\/\/siag.ci\/wp-content\/uploads\/2023\/11\/siag-au-2eme-salon-des-entreprises-du-cfaci.jpg 1200w, https:\/\/siag.ci\/wp-content\/uploads\/2023\/11\/siag-au-2eme-salon-des-entreprises-du-cfaci-300x200.jpg 300w, https:\/\/siag.ci\/wp-content\/uploads\/2023\/11\/siag-au-2eme-salon-des-entreprises-du-cfaci-768x512.jpg 768w, https:\/\/siag.ci\/wp-content\/uploads\/2023\/11\/siag-au-2eme-salon-des-entreprises-du-cfaci-370x247.jpg 370w, https:\/\/siag.ci\/wp-content\/uploads\/2023\/11\/siag-au-2eme-salon-des-entreprises-du-cfaci-840x560.jpg 840w, https:\/\/siag.ci\/wp-content\/uploads\/2023\/11\/siag-au-2eme-salon-des-entreprises-du-cfaci-410x273.jpg 410w\" sizes=\"(max-width: 1200px) 100vw, 1200px\" \/>\t\t\t\t\t\t\t\t\t\t\t\t\t\t\t<\/div>\n\t\t\t\t<\/div>\n\t\t\t\t<\/div>\n\t\t\t\t<\/div>\n\t\t<div class=\"elementor-element elementor-element-70325bd e-con-full e-flex sc_inner_width_none sc_layouts_column_icons_position_left e-con e-child\" data-id=\"70325bd\" data-element_type=\"container\" data-e-type=\"container\">\n\t\t<div class=\"elementor-element elementor-element-f3267bb e-con-full e-flex sc_inner_width_none sc_layouts_column_icons_position_left e-con e-child\" data-id=\"f3267bb\" data-element_type=\"container\" data-e-type=\"container\">\n\t\t\t\t<div class=\"elementor-element elementor-element-ceccb82 sc_fly_static elementor-widget elementor-widget-image\" data-id=\"ceccb82\" data-element_type=\"widget\" data-e-type=\"widget\" data-widget_type=\"image.default\">\n\t\t\t\t<div class=\"elementor-widget-container\">\n\t\t\t\t\t\t\t\t\t\t\t\t\t\t\t<img decoding=\"async\" width=\"1200\" height=\"800\" src=\"https:\/\/siag.ci\/wp-content\/uploads\/2023\/11\/siag-au-2eme-salon-des-entreprises-du-cfaci-3.jpg\" class=\"attachment-large size-large wp-image-3745\" alt=\"\" srcset=\"https:\/\/siag.ci\/wp-content\/uploads\/2023\/11\/siag-au-2eme-salon-des-entreprises-du-cfaci-3.jpg 1200w, https:\/\/siag.ci\/wp-content\/uploads\/2023\/11\/siag-au-2eme-salon-des-entreprises-du-cfaci-3-300x200.jpg 300w, https:\/\/siag.ci\/wp-content\/uploads\/2023\/11\/siag-au-2eme-salon-des-entreprises-du-cfaci-3-768x512.jpg 768w, https:\/\/siag.ci\/wp-content\/uploads\/2023\/11\/siag-au-2eme-salon-des-entreprises-du-cfaci-3-370x247.jpg 370w, https:\/\/siag.ci\/wp-content\/uploads\/2023\/11\/siag-au-2eme-salon-des-entreprises-du-cfaci-3-840x560.jpg 840w, https:\/\/siag.ci\/wp-content\/uploads\/2023\/11\/siag-au-2eme-salon-des-entreprises-du-cfaci-3-410x273.jpg 410w\" sizes=\"(max-width: 1200px) 100vw, 1200px\" \/>\t\t\t\t\t\t\t\t\t\t\t\t\t\t\t<\/div>\n\t\t\t\t<\/div>\n\t\t\t\t<\/div>\n\t\t<div class=\"elementor-element elementor-element-a8ecb15 e-con-full e-flex sc_inner_width_none sc_layouts_column_icons_position_left e-con e-child\" data-id=\"a8ecb15\" data-element_type=\"container\" data-e-type=\"container\">\n\t\t\t\t<div class=\"elementor-element elementor-element-773f557 sc_fly_static elementor-widget elementor-widget-text-editor\" data-id=\"773f557\" data-element_type=\"widget\" data-e-type=\"widget\" data-widget_type=\"text-editor.default\">\n\t\t\t\t<div class=\"elementor-widget-container\">\n\t\t\t\t\t\t\t\t\t<p>L&#8217;\u00e9quipe SIAG est fi\u00e8re d&#8217;avoir particip\u00e9 \u00e0 cet \u00e9v\u00e9nement enrichissant et adresse ses remerciements chaleureux \u00e0 nos partenaires qui ont manifest\u00e9 un vif int\u00e9r\u00eat pour notre entreprise.<br \/>Ce salon repr\u00e9sente pour SIAG une \u00e9tape significative dans notre volont\u00e9 constante de proposer des solutions d&#8217;impression de qualit\u00e9 et de consolider nos relations avec nos partenaires et clients.<\/p>\t\t\t\t\t\t\t\t<\/div>\n\t\t\t\t<\/div>\n\t\t\t\t<\/div>\n\t\t\t\t<\/div>\n\t\t\t\t<\/div>\n\t\t\t\t<\/div>\n\t\t","protected":false},"excerpt":{"rendered":"<p>Le mercredi 22 novembre, la deuxi\u00e8me \u00e9dition du Salon des Entreprises du CFACI a connu un franc succ\u00e8s, rassemblant des acteurs diversifi\u00e9s du pays et d&#8217;ailleurs, cr\u00e9ant ainsi un \u00e9v\u00e9nement&hellip;<\/p>\n","protected":false},"author":1,"featured_media":3770,"comment_status":"closed","ping_status":"open","sticky":false,"template":"elementor_header_footer","format":"standard","meta":{"_acf_changed":false,"footnotes":""},"categories":[1],"tags":[],"class_list":["post-3709","post","type-post","status-publish","format-standard","has-post-thumbnail","hentry","category-non-classe"],"acf":[],"yoast_head":"<!-- This site is optimized with the Yoast SEO plugin v27.2 - https:\/\/yoast.com\/product\/yoast-seo-wordpress\/ -->\n<title>SIAG au 2\u00e8me Salon des Entreprises du CFACI : Un Pas de Plus vers l&#039;Excellence - siag<\/title>\n<meta name=\"robots\" content=\"index, follow, max-snippet:-1, max-image-preview:large, max-video-preview:-1\" \/>\n<link rel=\"canonical\" href=\"https:\/\/siag.ci\/?p=3709\" \/>\n<meta property=\"og:locale\" content=\"fr_FR\" \/>\n<meta property=\"og:type\" content=\"article\" \/>\n<meta property=\"og:title\" content=\"SIAG au 2\u00e8me Salon des Entreprises du CFACI : Un Pas de Plus vers l&#039;Excellence - siag\" \/>\n<meta property=\"og:description\" content=\"Le mercredi 22 novembre, la deuxi\u00e8me \u00e9dition du Salon des Entreprises du CFACI a connu un franc succ\u00e8s, rassemblant des acteurs diversifi\u00e9s du pays et d&#8217;ailleurs, cr\u00e9ant ainsi un \u00e9v\u00e9nement&hellip;\" \/>\n<meta property=\"og:url\" content=\"https:\/\/siag.ci\/?p=3709\" \/>\n<meta property=\"og:site_name\" content=\"siag\" \/>\n<meta property=\"article:published_time\" content=\"2023-11-28T12:05:21+00:00\" \/>\n<meta property=\"article:modified_time\" content=\"2023-11-29T16:27:17+00:00\" \/>\n<meta property=\"og:image\" content=\"https:\/\/siag.ci\/wp-content\/uploads\/2023\/11\/Article-de-blog.jpg\" \/>\n\t<meta property=\"og:image:width\" content=\"1620\" \/>\n\t<meta property=\"og:image:height\" content=\"700\" \/>\n\t<meta property=\"og:image:type\" content=\"image\/jpeg\" \/>\n<meta name=\"author\" content=\"admin siag\" \/>\n<meta name=\"twitter:card\" content=\"summary_large_image\" \/>\n<meta name=\"twitter:label1\" content=\"\u00c9crit par\" \/>\n\t<meta name=\"twitter:data1\" content=\"admin siag\" \/>\n\t<meta name=\"twitter:label2\" content=\"Dur\u00e9e de lecture estim\u00e9e\" \/>\n\t<meta name=\"twitter:data2\" content=\"1 minute\" \/>\n<script type=\"application\/ld+json\" class=\"yoast-schema-graph\">{\"@context\":\"https:\/\/schema.org\",\"@graph\":[{\"@type\":\"Article\",\"@id\":\"https:\/\/siag.ci\/?p=3709#article\",\"isPartOf\":{\"@id\":\"https:\/\/siag.ci\/?p=3709\"},\"author\":{\"name\":\"admin siag\",\"@id\":\"https:\/\/siag.ci\/#\/schema\/person\/8c80fabfab6e5da0d3c21142edf92daa\"},\"headline\":\"SIAG au 2\u00e8me Salon des Entreprises du CFACI : Un Pas de Plus vers l&#8217;Excellence\",\"datePublished\":\"2023-11-28T12:05:21+00:00\",\"dateModified\":\"2023-11-29T16:27:17+00:00\",\"mainEntityOfPage\":{\"@id\":\"https:\/\/siag.ci\/?p=3709\"},\"wordCount\":268,\"publisher\":{\"@id\":\"https:\/\/siag.ci\/#organization\"},\"image\":{\"@id\":\"https:\/\/siag.ci\/?p=3709#primaryimage\"},\"thumbnailUrl\":\"https:\/\/siag.ci\/wp-content\/uploads\/2023\/11\/Article-de-blog.jpg\",\"inLanguage\":\"fr-FR\"},{\"@type\":\"WebPage\",\"@id\":\"https:\/\/siag.ci\/?p=3709\",\"url\":\"https:\/\/siag.ci\/?p=3709\",\"name\":\"SIAG au 2\u00e8me Salon des Entreprises du CFACI : Un Pas de Plus vers l'Excellence - siag\",\"isPartOf\":{\"@id\":\"https:\/\/siag.ci\/#website\"},\"primaryImageOfPage\":{\"@id\":\"https:\/\/siag.ci\/?p=3709#primaryimage\"},\"image\":{\"@id\":\"https:\/\/siag.ci\/?p=3709#primaryimage\"},\"thumbnailUrl\":\"https:\/\/siag.ci\/wp-content\/uploads\/2023\/11\/Article-de-blog.jpg\",\"datePublished\":\"2023-11-28T12:05:21+00:00\",\"dateModified\":\"2023-11-29T16:27:17+00:00\",\"breadcrumb\":{\"@id\":\"https:\/\/siag.ci\/?p=3709#breadcrumb\"},\"inLanguage\":\"fr-FR\",\"potentialAction\":[{\"@type\":\"ReadAction\",\"target\":[\"https:\/\/siag.ci\/?p=3709\"]}]},{\"@type\":\"ImageObject\",\"inLanguage\":\"fr-FR\",\"@id\":\"https:\/\/siag.ci\/?p=3709#primaryimage\",\"url\":\"https:\/\/siag.ci\/wp-content\/uploads\/2023\/11\/Article-de-blog.jpg\",\"contentUrl\":\"https:\/\/siag.ci\/wp-content\/uploads\/2023\/11\/Article-de-blog.jpg\",\"width\":1620,\"height\":700},{\"@type\":\"BreadcrumbList\",\"@id\":\"https:\/\/siag.ci\/?p=3709#breadcrumb\",\"itemListElement\":[{\"@type\":\"ListItem\",\"position\":1,\"name\":\"Accueil\",\"item\":\"https:\/\/siag.ci\/\"},{\"@type\":\"ListItem\",\"position\":2,\"name\":\"SIAG au 2\u00e8me Salon des Entreprises du CFACI : Un Pas de Plus vers l&#8217;Excellence\"}]},{\"@type\":\"WebSite\",\"@id\":\"https:\/\/siag.ci\/#website\",\"url\":\"https:\/\/siag.ci\/\",\"name\":\"siag\",\"description\":\"\",\"publisher\":{\"@id\":\"https:\/\/siag.ci\/#organization\"},\"potentialAction\":[{\"@type\":\"SearchAction\",\"target\":{\"@type\":\"EntryPoint\",\"urlTemplate\":\"https:\/\/siag.ci\/?s={search_term_string}\"},\"query-input\":{\"@type\":\"PropertyValueSpecification\",\"valueRequired\":true,\"valueName\":\"search_term_string\"}}],\"inLanguage\":\"fr-FR\"},{\"@type\":\"Organization\",\"@id\":\"https:\/\/siag.ci\/#organization\",\"name\":\"siag\",\"url\":\"https:\/\/siag.ci\/\",\"logo\":{\"@type\":\"ImageObject\",\"inLanguage\":\"fr-FR\",\"@id\":\"https:\/\/siag.ci\/#\/schema\/logo\/image\/\",\"url\":\"https:\/\/siag.ci\/wp-content\/uploads\/2023\/11\/Logo-SIAG-1.png\",\"contentUrl\":\"https:\/\/siag.ci\/wp-content\/uploads\/2023\/11\/Logo-SIAG-1.png\",\"width\":300,\"height\":120,\"caption\":\"siag\"},\"image\":{\"@id\":\"https:\/\/siag.ci\/#\/schema\/logo\/image\/\"}},{\"@type\":\"Person\",\"@id\":\"https:\/\/siag.ci\/#\/schema\/person\/8c80fabfab6e5da0d3c21142edf92daa\",\"name\":\"admin siag\",\"image\":{\"@type\":\"ImageObject\",\"inLanguage\":\"fr-FR\",\"@id\":\"https:\/\/secure.gravatar.com\/avatar\/19e77349a38581b35f75f11ab169a2c6913cf2d42134526a11c0a270badf3c31?s=96&d=mm&r=g\",\"url\":\"https:\/\/secure.gravatar.com\/avatar\/19e77349a38581b35f75f11ab169a2c6913cf2d42134526a11c0a270badf3c31?s=96&d=mm&r=g\",\"contentUrl\":\"https:\/\/secure.gravatar.com\/avatar\/19e77349a38581b35f75f11ab169a2c6913cf2d42134526a11c0a270badf3c31?s=96&d=mm&r=g\",\"caption\":\"admin siag\"},\"sameAs\":[\"http:\/\/localhost\/siag\"],\"url\":\"https:\/\/siag.ci\/?author=1\"}]}<\/script>\n<!-- \/ Yoast SEO plugin. -->","yoast_head_json":{"title":"SIAG au 2\u00e8me Salon des Entreprises du CFACI : Un Pas de Plus vers l'Excellence - siag","robots":{"index":"index","follow":"follow","max-snippet":"max-snippet:-1","max-image-preview":"max-image-preview:large","max-video-preview":"max-video-preview:-1"},"canonical":"https:\/\/siag.ci\/?p=3709","og_locale":"fr_FR","og_type":"article","og_title":"SIAG au 2\u00e8me Salon des Entreprises du CFACI : Un Pas de Plus vers l'Excellence - siag","og_description":"Le mercredi 22 novembre, la deuxi\u00e8me \u00e9dition du Salon des Entreprises du CFACI a connu un franc succ\u00e8s, rassemblant des acteurs diversifi\u00e9s du pays et d&#8217;ailleurs, cr\u00e9ant ainsi un \u00e9v\u00e9nement&hellip;","og_url":"https:\/\/siag.ci\/?p=3709","og_site_name":"siag","article_published_time":"2023-11-28T12:05:21+00:00","article_modified_time":"2023-11-29T16:27:17+00:00","og_image":[{"width":1620,"height":700,"url":"https:\/\/siag.ci\/wp-content\/uploads\/2023\/11\/Article-de-blog.jpg","type":"image\/jpeg"}],"author":"admin siag","twitter_card":"summary_large_image","twitter_misc":{"\u00c9crit par":"admin siag","Dur\u00e9e de lecture estim\u00e9e":"1 minute"},"schema":{"@context":"https:\/\/schema.org","@graph":[{"@type":"Article","@id":"https:\/\/siag.ci\/?p=3709#article","isPartOf":{"@id":"https:\/\/siag.ci\/?p=3709"},"author":{"name":"admin siag","@id":"https:\/\/siag.ci\/#\/schema\/person\/8c80fabfab6e5da0d3c21142edf92daa"},"headline":"SIAG au 2\u00e8me Salon des Entreprises du CFACI : Un Pas de Plus vers l&#8217;Excellence","datePublished":"2023-11-28T12:05:21+00:00","dateModified":"2023-11-29T16:27:17+00:00","mainEntityOfPage":{"@id":"https:\/\/siag.ci\/?p=3709"},"wordCount":268,"publisher":{"@id":"https:\/\/siag.ci\/#organization"},"image":{"@id":"https:\/\/siag.ci\/?p=3709#primaryimage"},"thumbnailUrl":"https:\/\/siag.ci\/wp-content\/uploads\/2023\/11\/Article-de-blog.jpg","inLanguage":"fr-FR"},{"@type":"WebPage","@id":"https:\/\/siag.ci\/?p=3709","url":"https:\/\/siag.ci\/?p=3709","name":"SIAG au 2\u00e8me Salon des Entreprises du CFACI : Un Pas de Plus vers l'Excellence - siag","isPartOf":{"@id":"https:\/\/siag.ci\/#website"},"primaryImageOfPage":{"@id":"https:\/\/siag.ci\/?p=3709#primaryimage"},"image":{"@id":"https:\/\/siag.ci\/?p=3709#primaryimage"},"thumbnailUrl":"https:\/\/siag.ci\/wp-content\/uploads\/2023\/11\/Article-de-blog.jpg","datePublished":"2023-11-28T12:05:21+00:00","dateModified":"2023-11-29T16:27:17+00:00","breadcrumb":{"@id":"https:\/\/siag.ci\/?p=3709#breadcrumb"},"inLanguage":"fr-FR","potentialAction":[{"@type":"ReadAction","target":["https:\/\/siag.ci\/?p=3709"]}]},{"@type":"ImageObject","inLanguage":"fr-FR","@id":"https:\/\/siag.ci\/?p=3709#primaryimage","url":"https:\/\/siag.ci\/wp-content\/uploads\/2023\/11\/Article-de-blog.jpg","contentUrl":"https:\/\/siag.ci\/wp-content\/uploads\/2023\/11\/Article-de-blog.jpg","width":1620,"height":700},{"@type":"BreadcrumbList","@id":"https:\/\/siag.ci\/?p=3709#breadcrumb","itemListElement":[{"@type":"ListItem","position":1,"name":"Accueil","item":"https:\/\/siag.ci\/"},{"@type":"ListItem","position":2,"name":"SIAG au 2\u00e8me Salon des Entreprises du CFACI : Un Pas de Plus vers l&#8217;Excellence"}]},{"@type":"WebSite","@id":"https:\/\/siag.ci\/#website","url":"https:\/\/siag.ci\/","name":"siag","description":"","publisher":{"@id":"https:\/\/siag.ci\/#organization"},"potentialAction":[{"@type":"SearchAction","target":{"@type":"EntryPoint","urlTemplate":"https:\/\/siag.ci\/?s={search_term_string}"},"query-input":{"@type":"PropertyValueSpecification","valueRequired":true,"valueName":"search_term_string"}}],"inLanguage":"fr-FR"},{"@type":"Organization","@id":"https:\/\/siag.ci\/#organization","name":"siag","url":"https:\/\/siag.ci\/","logo":{"@type":"ImageObject","inLanguage":"fr-FR","@id":"https:\/\/siag.ci\/#\/schema\/logo\/image\/","url":"https:\/\/siag.ci\/wp-content\/uploads\/2023\/11\/Logo-SIAG-1.png","contentUrl":"https:\/\/siag.ci\/wp-content\/uploads\/2023\/11\/Logo-SIAG-1.png","width":300,"height":120,"caption":"siag"},"image":{"@id":"https:\/\/siag.ci\/#\/schema\/logo\/image\/"}},{"@type":"Person","@id":"https:\/\/siag.ci\/#\/schema\/person\/8c80fabfab6e5da0d3c21142edf92daa","name":"admin siag","image":{"@type":"ImageObject","inLanguage":"fr-FR","@id":"https:\/\/secure.gravatar.com\/avatar\/19e77349a38581b35f75f11ab169a2c6913cf2d42134526a11c0a270badf3c31?s=96&d=mm&r=g","url":"https:\/\/secure.gravatar.com\/avatar\/19e77349a38581b35f75f11ab169a2c6913cf2d42134526a11c0a270badf3c31?s=96&d=mm&r=g","contentUrl":"https:\/\/secure.gravatar.com\/avatar\/19e77349a38581b35f75f11ab169a2c6913cf2d42134526a11c0a270badf3c31?s=96&d=mm&r=g","caption":"admin siag"},"sameAs":["http:\/\/localhost\/siag"],"url":"https:\/\/siag.ci\/?author=1"}]}},"_links":{"self":[{"href":"https:\/\/siag.ci\/index.php?rest_route=\/wp\/v2\/posts\/3709","targetHints":{"allow":["GET"]}}],"collection":[{"href":"https:\/\/siag.ci\/index.php?rest_route=\/wp\/v2\/posts"}],"about":[{"href":"https:\/\/siag.ci\/index.php?rest_route=\/wp\/v2\/types\/post"}],"author":[{"embeddable":true,"href":"https:\/\/siag.ci\/index.php?rest_route=\/wp\/v2\/users\/1"}],"replies":[{"embeddable":true,"href":"https:\/\/siag.ci\/index.php?rest_route=%2Fwp%2Fv2%2Fcomments&post=3709"}],"version-history":[{"count":61,"href":"https:\/\/siag.ci\/index.php?rest_route=\/wp\/v2\/posts\/3709\/revisions"}],"predecessor-version":[{"id":3776,"href":"https:\/\/siag.ci\/index.php?rest_route=\/wp\/v2\/posts\/3709\/revisions\/3776"}],"wp:featuredmedia":[{"embeddable":true,"href":"https:\/\/siag.ci\/index.php?rest_route=\/wp\/v2\/media\/3770"}],"wp:attachment":[{"href":"https:\/\/siag.ci\/index.php?rest_route=%2Fwp%2Fv2%2Fmedia&parent=3709"}],"wp:term":[{"taxonomy":"category","embeddable":true,"href":"https:\/\/siag.ci\/index.php?rest_route=%2Fwp%2Fv2%2Fcategories&post=3709"},{"taxonomy":"post_tag","embeddable":true,"href":"https:\/\/siag.ci\/index.php?rest_route=%2Fwp%2Fv2%2Ftags&post=3709"}],"curies":[{"name":"wp","href":"https:\/\/api.w.org\/{rel}","templated":true}]}}